{"id":998,"date":"2022-08-14T11:45:54","date_gmt":"2022-08-14T11:45:54","guid":{"rendered":"https:\/\/earbook.online\/testprojectmanagementplatform\/2022\/08\/14\/pending-per-14-august-2022-aktualisierung-vom-4-7-biitte-um-ruckmeldung\/"},"modified":"2022-08-14T11:45:54","modified_gmt":"2022-08-14T11:45:54","slug":"pending-per-14-august-2022-aktualisierung-vom-4-7-biitte-um-ruckmeldung","status":"publish","type":"post","link":"https:\/\/earbook.online\/testprojectmanagementplatform\/2022\/08\/14\/pending-per-14-august-2022-aktualisierung-vom-4-7-biitte-um-ruckmeldung\/","title":{"rendered":"Pending per 14. August 2022 &#8211; Aktualisierung vom 4.7. &#8211; BIITTE UM R\u00dcCKMELDUNG!"},"content":{"rendered":"<p>Per REPLY Weitergeleitet zur Info und Test<br \/>\nMG<\/p>\n<p>On Sun, 14 Aug 2022 at 12:50, Monika Lehnhardt &lt;monika.lehnhardt&gt; wrote:<\/p>\n<blockquote><p>1. Zwei Pr\u00e4sentationen f\u00fcr HEAL Konferenz &#8211; Vortr\u00e4ge gehalten am 17.\/18.6. nach NHS gute Diskussion.<br \/>\n<strong>SIND DIE PR\u00c4SENTATIONEN AN DIE TEILNEHMER DES RT BISHKEK GESCHICKT WORDEN? WO WERDEN SIE VER\u00d6FFENTLICHT?<\/strong><br \/>\nnoch nicht,wir haben besprochen, dass f\u00fcr eine Pr\u00e4s. wir audio ben\u00f6tigen und werden in zoom eine kurzes Recording machen.<br \/>\nNACH WIE VOR OFFEN &#8211; FRAGE AN MICHAEL: KANN DAS IN DAS PLATTFORM-PROJEKT MIT EINBEZOGEN WERDEN???<br \/>\n&quot;Cochlear Implantation &#8211; soon a series of robotic processes&quot;<br \/>\n&quot;NHS &#8211; Kyrgyzstan&quot; &#8211; Peter Zoth<\/p>\n<p>LIUBOV hat vor 6 Wochen geschrieben: ich plane es heute zu erledigen und sende einen Entwurf, Deine Korrekturen und Erg\u00e4nzungen sind mir wichtig.<\/p>\n<p>NACH WIE VOR OFFEN &#8211; WANN WIRD LIUBOV DAS MACHEN K\u00d6NNEN???<\/p>\n<p>2. Zwei Artikel f\u00fcr EURO-CIU Newsletter und &quot;Schnecke&quot; &#8211; haben eingereicht per 6. bzw. 13.6. !<\/p>\n<p>Bericht \u00fcber Hospitation von Anastasia und Larisa im CIC &#8211;<br \/>\nBericht \u00fcber &quot;Die Lehnhardt Stiftung leistet humanit\u00e4re Hilfe&#8230;&quot;<br \/>\nArtikel im Newsletter der EURO-CIU erschienen.<br \/>\nAuf Schnecke warten wir.<\/p>\n<p>3. PORA<\/p>\n<p>Jiri Skrivan ist bereit, Forumsdiskussion zu machen<br \/>\n<strong>JIRI SKRIVAN HAT DEN 9. OKTOBER F\u00dcR DIE FORUMSDISKUSSION SCHRIFTLICH BEST\u00c4TIGT<\/strong><br \/>\n<strong>SANDRO BURDO HAT DIE FORUMSDISKUSSION GEHALTEN &#8211; SOLL ONLINE ZUG\u00c4NGLICH GEMACHT WERDEN<\/strong><br \/>\n<strong> <a href=\"https:\/\/docs.google.com\/document\/d\/1Jg2f-IUkQ4teFBQyXHn_9bZuh3tj1g1YI5St05TAcr8\/edit?usp=sharing\">Program<\/a> <\/strong>Anna macht alle Recordings zum 16.07. fertig Ist das geschehen???<br \/>\nUlrike R\u00fclicke hat Termin verschoben: Pr\u00e4sentation 11.9. wie gehabt, Forumsdiskussion am 18.9.<br \/>\nWer aktualisiert das Programm??????<\/p>\n<p>4. \u00dcberarbeitung des Folge-projekts zu CI &quot;Rehabilitation &#8211; Inclusion of hearing impaired children&quot; &#8211; ID 2110069 am 21.6. \u00fcberarbeitet<br \/>\nNeuer Titel &quot;Development of a sustainable program for the treatment of hearing impaired\/deaf children in Kyrgyzstan<br \/>\nwith the aim of including children with CI in mainstream schools&quot;<br \/>\n<strong>DER \u00dcBERARBEITETE ANTRAG WURDE AM 26.6. EINGEREICHT UND GIZ HAT DEN ERHALT BEST\u00c4TIGT.<\/strong><br \/>\n<strong>MLG HAT AN GIZ BISHKEK (VALERIE), DEUTSCHE BOTSCHAFT, TEAM ET AL GESANDT<\/strong><br \/>\n<strong>EINE STELLUNGNAHME VON GIZ IST IM HERBST ZU ERWARTEN <\/strong><\/p>\n<p>5. Hilfe f\u00fcr ukrainische Kinder &#8211; Projekt Aktion Mensch<br \/>\n<strong>Antrag wurde eingereicht<\/strong><br \/>\n<a href=\"https:\/\/docs.google.com\/document\/d\/1gw1HhCIVYUcHnjET-5m2jCTmLZnrerjUONO-QEwRJdQ\/edit?usp=sharing\">https:\/\/docs.google.com\/document\/d\/1gw1HhCIVYUcHnjET-5m2jCTmLZnrerjUONO-QEwRJdQ\/edit?usp=sharing<\/a><\/p>\n<p>Liubov wollte Mitte August telefonisch nachfragen<\/p>\n<p>6. Eltern Selbsthilfe &#8211; Projekt mit Tino Just<br \/>\nLiubov schrieb Mitte Juli: Ich denke, das k\u00f6nnen wir nach Tino&#8217;s Urlaub besprechen.<br \/>\nTino ist aus dem Urlaub zur\u00fcck. Wollen wir das \u00fcberhaupt weiter verfolgen?<\/p>\n<p>7. Treffen mit Gulzat Maimerova &#8211; <strong>Treffen mit Gulzat und Nurida hat stattgefunden, 18.6. Airport M\u00fcnchen &#8211; MLG hat Bericht geschrieben und <\/strong><br \/>\n<strong> sowohl an Gulzat als auch an Dr. A.A. gesandt &#8211; keine Reaktion <\/strong><br \/>\n<strong> Nach Online Meeting (initiiert von Dr. A.A.) am 26.7. habe ich erneut an Gulzat geschrieben und um einen Gespr\u00e4chstermin gebeten.<\/strong><br \/>\n<strong> Von GULZAT Wieder KEINE REAKTION. <\/strong><br \/>\n<strong> Erneutes Schreiben von MLG an Gulzat am 13.8. &#8211; &quot;Request to talk&quot; &#8211; auch weil Gulzat Munar nicht nach DE fahren lassen will und<\/strong><br \/>\n<strong> f\u00fcr Rehabilitation der 54 Kinder nicht IAHRS sondern Razvitije und Medincus empfiehlt<\/strong><br \/>\n<strong>DAS FOLLOW-UP F\u00dcR DEN RT AM 2.2.2022 IST ENDLICH ERFOLGT, LEIDER QUALITATIV NICHT SO WIE ERWARTET UND DAS BEI DIESER UNGLAUBLICHEN<\/strong><br \/>\n<strong>ZEITVERZ\u00d6GERUNG. ES FEHLTE ANGEBLICH AN MATERIAL. <\/strong><br \/>\n<strong>Ein PR Auftritt im TV &#8211; Vertrag mit einer Agentur vor Monaten unterschrieben &#8211; ist bis heute nicht zustandekommen. Viele Stunden investiert mit keinem Resultat.<\/strong><br \/>\n<strong>DIE QUALIT\u00c4T DER BERICHTE VON SHIRIN BETREFFEND FITTINGS IST EBENFALLS UNZUREICHEND. ICH HABE VERBESSERUNG ANGEMAHNT.<\/strong><\/p>\n<p>8. Buchhaltung &#8211; Dokumentation der drei GIZ Projekte<br \/>\nGabi Notz hat gek\u00fcndigt. Yana Eresko aus Bishkek hat \u00fcbernommen und f\u00fcr die Periode Juni-Juli die Berichte f\u00fcr GIZ erstellt.<br \/>\nJessica M\u00fcller hat uns geholfen und wir sind momentan \u00e0 jour. Zwei <strong>Zahlungen Hotline eingegangen<\/strong><\/p>\n<p>9. Hotline- Ukraine &#8211; Einkauf von Produkten<\/p>\n<p>Dankenswerterweise hat sich Hr. Maiwald (Rosen Apotheke, St. P\u00f6lten) bereit erkl\u00e4rt, die Koordination<br \/>\nzu \u00fcbernehmen. Ich habe ihm ein Honorar angeboten, das er aber strikt abgelehnt hat. Peter ist mit ihm in Kontakt, wir warten auf Aktualisierung des Bedarfs von ukrainischer Seite.<br \/>\nMit der Viktoria Apotheke hatte sich herausgestellt, dass rezeptpflichtige Medikamente ein Problem darstellen. Somit wurde die Liste stark gek\u00fcrzt und nur rezeptfreie Produkte geliefert.<br \/>\nDie Lieferung &#8211; 3 Paletten &#8211; ist im Gange, HIlfe durch Johanniter<br \/>\n<strong> Fr. Klotz kann bei den Preisen nicht mithalten. Peter wird sie erneut kontaktieren ?????<\/strong><\/p>\n<p>Einkauf der Ger\u00e4te bei Interacoustics<\/p>\n<p>Hier ist auch einige Koordinationsarbeit n\u00f6tig. Peter hat die Kommunikation mit Interacoustics in D\u00e4nemark und in Deutschland \u00fcbernommen.<br \/>\n<strong>Fragen zur Qualit\u00e4t der Produkte m\u00fcssen gekl\u00e4rt werden<\/strong><br \/>\n<strong>N\u00c4CHSTES HOTLINE GESPR\u00c4CH GEPLANT F\u00dcR 19.8.<\/strong><br \/>\nZuschuss von GIZ in H\u00f6he von 50.000 Euro &#8211; wir ben\u00f6tigen neuen Finanzplan, eine Verl\u00e4ngerung des Projekts<strong> wird von allen Betroffenen bef\u00fcrwortet!<\/strong><\/p>\n<p><strong>Peter wird neuen Mittelbedarfsplan erstellen und Verl\u00e4ngerung des Projekts beantragen sobald wir Bedarfsmeldung von Aurora bekommen haben.<\/strong><br \/>\n<strong>Geplant f\u00fcr August 15 &#8211; 19.<\/strong><\/p>\n<p><strong>10. NEUES PROJEKT: MONITORING \/ EVALUATION <\/strong><br \/>\n<strong>Michael hat ein erstes Konzept erstellt. Wird dieser Tage vervollst\u00e4ndigt.<\/strong><br \/>\n<strong>Geplant ist eine erste Test-Session am kommenden Wochenende. MICHAEL WIRD UNS BESCHEID GEBEN<\/strong><br \/>\n<strong>Auch ein Online Treffen mit Eltern ist f\u00fcr das Wochenende geplant LIUBOV WIRD TERMIN KOORDINIEREN<\/strong><\/p>\n<p>Dr. Dr. h.c. Monika Lehnhardt-Goriany<\/p>\n<p><a href=\"http:\/\/www.lehnhardt-stiftung.org\/\">www.lehnhardt-stiftung.org<\/a><br \/>\n<a href=\"http:\/\/www.monika-lehnhardt.net\/\">www.monika-lehnhardt.net<\/a><\/p>\n<p><strong>Schenken Sie Kindern Geh\u00f6r! Give children the gift of hearing! Donnez les enfants le don d&#8217;entendre! <\/strong><\/p>\n<p><strong>\u041f\u043e\u0434\u0430\u0440\u0438\u0442\u0435 \u0434\u0435\u0442\u044f\u043c \u0434\u0430\u0440 \u0441\u043b\u0443\u0445\u0430! \u041f\u043e\u0434\u0430\u0440\u0443\u0439\u0442\u0435 \u0434\u0456\u0442\u044f\u043c \u0441\u043b\u0443\u0445!<\/strong> <strong>Podaruj dzieciom zdolno\u015b\u0107 s\u0142yszenia!<\/strong><\/p>\n<p><strong>\u054f\u057e\u0565\u0584<\/strong> <strong>\u0565\u0580\u0565\u056d\u0561\u0576\u0565\u0580\u056b\u0576<\/strong> <strong>\u056c\u057d\u0565\u056c\u0578\u0582<\/strong> <strong>\u057a\u0561\u0580\u0563\u0587\u0568:<\/strong><\/p>\n<\/blockquote>\n","protected":false},"excerpt":{"rendered":"<p>Per REPLY Weitergeleitet zur Info und Test MG On Sun, 14 Aug 2022 at 12:50, Monika Lehnhardt &lt;monika.lehnhardt&gt; wrote: 1. Zwei Pr\u00e4sentationen f\u00fcr HEAL Konferenz &#8211; Vortr\u00e4ge gehalten am 17.\/18.6. nach NHS gute Diskussion. SIND DIE PR\u00c4SENTATIONEN AN DIE TEILNEHMER DES RT BISHKEK GESCHICKT WORDEN? WO WERDEN SIE VER\u00d6FFENTLICHT? noch nicht,wir haben besprochen, dass f\u00fcr &#8230; <a title=\"Pending per 14. August 2022 &#8211; Aktualisierung vom 4.7. &#8211; BIITTE UM R\u00dcCKMELDUNG!\" class=\"read-more\" href=\"https:\/\/earbook.online\/testprojectmanagementplatform\/2022\/08\/14\/pending-per-14-august-2022-aktualisierung-vom-4-7-biitte-um-ruckmeldung\/\" aria-label=\"More on Pending per 14. August 2022 &#8211; Aktualisierung vom 4.7. &#8211; BIITTE UM R\u00dcCKMELDUNG!\">Read more<\/a><\/p>\n","protected":false},"author":314,"featured_media":0,"comment_status":"open","ping_status":"open","sticky":false,"template":"","format":"standard","meta":{"jetpack_post_was_ever_published":false,"_jetpack_newsletter_access":"","_jetpack_dont_email_post_to_subs":false,"_jetpack_newsletter_tier_id":0,"_jetpack_memberships_contains_paywalled_content":false,"_jetpack_memberships_contains_paid_content":false,"footnotes":""},"categories":[1],"tags":[],"wf_post_folders":[],"class_list":["post-998","post","type-post","status-publish","format-standard","hentry","category-uncategorized","generate-columns","tablet-grid-50","mobile-grid-100","grid-parent","grid-50"],"jetpack_featured_media_url":"","jetpack_shortlink":"https:\/\/wp.me\/pd84CF-g6","jetpack-related-posts":[{"id":877,"url":"https:\/\/earbook.online\/testprojectmanagementplatform\/2022\/03\/24\/anfrage-ukraine\/","url_meta":{"origin":998,"position":0},"title":"Anfrage\/Ukraine","author":"email","date":"March 24, 2022","format":false,"excerpt":"Sch\u00f6nen Abend, das ist ein sehr interessanter Vorschlag. Das vorgeschlagene Modell entspricht im Kern auch dem, das mir f\u00fcr die HICEN Lektionen (und andere Inhalte) vorschwebt. Seine Webseiten sind eindrucksvoll und basieren auf der gleichen Internertsoftware, die wir einsetzen. Dieses Projekt verst\u00e4rkt die Sinnhaftigkeit, unsere Internetauftritte auf eine neue Ebene\u2026","rel":"","context":"Similar post","block_context":{"text":"Similar post","link":""},"img":{"alt_text":"","src":"","width":0,"height":0},"classes":[]},{"id":826,"url":"https:\/\/earbook.online\/testprojectmanagementplatform\/2022\/02\/19\/5-re-nachgedanken-zum-thema-eltern-abholen\/","url_meta":{"origin":998,"position":1},"title":"5 &#8211; Re: Nachgedanken zum Thema Eltern abholen","author":"email","date":"February 19, 2022","format":false,"excerpt":"Reply to incoming email - delete recipients - send to Weblog On Fri, 18 Feb 2022 at 21:18, Barbara G\u00e4ngler <barbara.gaengler> wrote: Liebe AdressatInnen, im Nachklang zu unserem Gespr\u00e4ch zu einem m\u00f6glichen Projekt \"Eltern abholen\" m\u00f6chte ich ein paar Gedanken in die Runde werfen: - MedEl fragt nach einer Fortbildung\u2026","rel":"","context":"Similar post","block_context":{"text":"Similar post","link":""},"img":{"alt_text":"","src":"","width":0,"height":0},"classes":[]},{"id":832,"url":"https:\/\/earbook.online\/testprojectmanagementplatform\/2022\/02\/19\/9-nachgedanken-zum-thema-eltern-abholen\/","url_meta":{"origin":998,"position":2},"title":"9 Nachgedanken zum Thema Eltern abholen","author":"Michael Goriany","date":"February 19, 2022","format":false,"excerpt":"print email --> highlight all --> copy\/paste to new Blog Nachgedanken zum Thema Eltern abholen Barbara G\u00e4ngler\u00a0<barbara.gaengler@web.de> 18 February 2022 at 21:18 To: Michael Goriany <michael.goriany@gmail.com>, Monika Lehnhardt <monika.lehnhardt@gmail.com>, Liubov Wolowik <liubov.wolowik@lehnhardt-academy.net>, Peter Zoth <zothpeter1@zoth.eu>, Yvonne Seebens <yseebens@cic-rheinmain.de>, D\u00f6rte Fischer <doerte.fischer@gmx.net>, \"Just, Prof. Dr. Tino\" <t.just@kmg-kliniken.de> Liebe AdressatInnen, im Nachklang\u2026","rel":"","context":"In &quot;TEST&quot;","block_context":{"text":"TEST","link":"https:\/\/earbook.online\/testprojectmanagementplatform\/category\/test\/"},"img":{"alt_text":"","src":"","width":0,"height":0},"classes":[]},{"id":829,"url":"https:\/\/earbook.online\/testprojectmanagementplatform\/2022\/02\/19\/7-nachgedanken-zum-thema-eltern-abholen\/","url_meta":{"origin":998,"position":3},"title":"7 &#8211; Nachgedanken zum Thema Eltern abholen","author":"Michael Goriany","date":"February 19, 2022","format":false,"excerpt":"Copy email --> in Bolg open new Post --> paste email ? Patse as text does\u00b4nt make difference \/ ? Clear formatting - no effect ---------- Forwarded message --------- From: Barbara G\u00e4ngler <barbara.gaengler@web.de> Date: Fri, 18 Feb 2022 at 21:18 Subject: Nachgedanken zum Thema Eltern abholen To: Michael Goriany <michael.goriany@gmail.com>,\u2026","rel":"","context":"In &quot;TEST&quot;","block_context":{"text":"TEST","link":"https:\/\/earbook.online\/testprojectmanagementplatform\/category\/test\/"},"img":{"alt_text":"","src":"","width":0,"height":0},"classes":[]},{"id":805,"url":"https:\/\/earbook.online\/testprojectmanagementplatform\/2021\/12\/13\/entwurf-fur-das-projekt-special-purpose-community-herz-fur-kinder-2\/","url_meta":{"origin":998,"position":4},"title":"Entwurf f\u00fcr das Projekt &#8220;Special Purpose Community Herz f\u00fcr KInder&#8221;","author":"email","date":"December 13, 2021","format":false,"excerpt":"Hallo, alle, Liebe Frau G\u00e4ngler, vielen Dank f\u00fcr Ihren Input !. Hinsichtlich Auftritt in den Medien teile ich ganz Ihre Meinung (letzter Absatz). Das w\u00e4re ein sehr bedeutendes, gesondertes Thema von allgemeiner Relevanz. Die Grundfrage ist die personelle Frage: es ist nicht schwierig einen Newsletter technisch zu starten. Aber wer\u2026","rel":"","context":"Similar post","block_context":{"text":"Similar post","link":""},"img":{"alt_text":"","src":"","width":0,"height":0},"classes":[]},{"id":808,"url":"https:\/\/earbook.online\/testprojectmanagementplatform\/2021\/12\/14\/entwurf-fur-das-projekt-special-purpose-community-herz-fur-kinder-michaellehnhardt-academy-net-lehnhardt-academy-mail\/","url_meta":{"origin":998,"position":5},"title":"Entwurf f\u00fcr das Projekt &#8220;Special Purpose Community Herz f\u00fcr KInder&#8221; &#8211; michael@lehnhardt-academy.net &#8211; Lehnhardt Academy Mail","author":"Michael Goriany","date":"December 14, 2021","format":false,"excerpt":"source: Entwurf f\u00fcr das Projekt \"Special Purpose Community Herz f\u00fcr KInder\" - michael@lehnhardt-academy.net - Lehnhardt Academy Mail ---------- Forwarded message --------- From:\u00a0Michael Goriany\u00a0<michael.goriany@gmail.com> Date: Mon, 13 Dec 2021 at 14:06 Subject: Re: Fwd: Entwurf f\u00fcr das Projekt \"Special Purpose Community Herz f\u00fcr KInder\" To: Barbara G\u00e4ngler <barbara.gaengler@web.de> Cc: Monika Lehnhardt\u2026","rel":"","context":"Similar post","block_context":{"text":"Similar post","link":""},"img":{"alt_text":"","src":"","width":0,"height":0},"classes":[]}],"jetpack_sharing_enabled":true,"_links":{"self":[{"href":"https:\/\/earbook.online\/testprojectmanagementplatform\/wp-json\/wp\/v2\/posts\/998","targetHints":{"allow":["GET"]}}],"collection":[{"href":"https:\/\/earbook.online\/testprojectmanagementplatform\/wp-json\/wp\/v2\/posts"}],"about":[{"href":"https:\/\/earbook.online\/testprojectmanagementplatform\/wp-json\/wp\/v2\/types\/post"}],"author":[{"embeddable":true,"href":"https:\/\/earbook.online\/testprojectmanagementplatform\/wp-json\/wp\/v2\/users\/314"}],"replies":[{"embeddable":true,"href":"https:\/\/earbook.online\/testprojectmanagementplatform\/wp-json\/wp\/v2\/comments?post=998"}],"version-history":[{"count":0,"href":"https:\/\/earbook.online\/testprojectmanagementplatform\/wp-json\/wp\/v2\/posts\/998\/revisions"}],"wp:attachment":[{"href":"https:\/\/earbook.online\/testprojectmanagementplatform\/wp-json\/wp\/v2\/media?parent=998"}],"wp:term":[{"taxonomy":"category","embeddable":true,"href":"https:\/\/earbook.online\/testprojectmanagementplatform\/wp-json\/wp\/v2\/categories?post=998"},{"taxonomy":"post_tag","embeddable":true,"href":"https:\/\/earbook.online\/testprojectmanagementplatform\/wp-json\/wp\/v2\/tags?post=998"},{"taxonomy":"wf_post_folders","embeddable":true,"href":"https:\/\/earbook.online\/testprojectmanagementplatform\/wp-json\/wp\/v2\/wf_post_folders?post=998"}],"curies":[{"name":"wp","href":"https:\/\/api.w.org\/{rel}","templated":true}]}}